{"id":9766,"date":"2026-02-01T12:39:55","date_gmt":"2026-02-01T11:39:55","guid":{"rendered":"https:\/\/lerins.com\/?p=9766"},"modified":"2026-04-13T12:52:29","modified_gmt":"2026-04-13T10:52:29","slug":"firm-life-isaure-bouvier-and-marc-gervais-promoted-to-partners","status":"publish","type":"post","link":"https:\/\/lerins.com\/en\/firm-life-isaure-bouvier-and-marc-gervais-promoted-to-partners\/","title":{"rendered":"FIRM LIFE  | Isaure Bouvier and Marc Gervais promoted to partners!"},"content":{"rendered":"<p>Isaure Bouvier et Marc Gervais deviennent associ\u00e9s, respectivement en Droit de la Sant\u00e9 et en\u00a0M&amp;A\u2013Private Equity.\u00a0Impliqu\u00e9s au sein du cabinet depuis plusieurs ann\u00e9es, ils incarnent\u00a0la culture Lerins\u00a0par leur expertise,\u00a0leur engagement aupr\u00e8s des clients et leur sens du collectif.<\/p>\n<p>Notre cabinet, qui compte d\u00e9sormais\u00a016 associ\u00e9s,\u00a0poursuit son d\u00e9veloppement autour d\u2019une \u00e9quipe pluridisciplinaire\u00a0en droit des affaires.<\/p>\n<p>\ud83d\udccc\u00a0<a href=\"https:\/\/lerins.com\/avocats\/isaure-bouvier\/\">Isaure BOUVIER<\/a>, associ\u00e9e au sein du p\u00f4le Droit de la Sant\u00e9, accompagne l\u2019ensemble des acteurs du secteur \u2013 professionnels de sant\u00e9, \u00e9tablissements, investisseurs et porteurs de projets \u2013 dans la structuration de leur activit\u00e9, leurs op\u00e9rations de croissance et leurs probl\u00e9matiques r\u00e9glementaires et contractuelles. Elle intervient notamment dans la mise en place de nouvelles modalit\u00e9s d\u2019exercice professionnel, en privil\u00e9giant les coop\u00e9rations pluriprofessionnelles et les passerelles entre cabinets et \u00e9tablissements de sant\u00e9.<\/p>\n<p>\ud83d\udccc\u00a0<a href=\"https:\/\/lerins.com\/avocats\/marc-gervais\/\">Marc GERVAIS<\/a>, associ\u00e9 au sein du p\u00f4le\u00a0M&amp;A\u2013Private Equity, conseille une client\u00e8le fran\u00e7aise et internationale \u2013 grands groupes, ETI, PME, start-up\/scale-up et fonds d\u2019investissement \u2013 sur des op\u00e9rations de fusions-acquisitions, de capital-investissement, de joint-ventures et de management packages. Il\u00a0intervient \u00e9galement\u00a0sur des probl\u00e9matiques de\u00a0gouvernance et la structuration de plans d\u2019int\u00e9ressement\u00a0au capital de\u00a0dirigeants et managers,\u00a0\u00a0avec une approche int\u00e9gr\u00e9e des enjeux juridiques,\u00a0comptables,\u00a0fiscaux et manag\u00e9riaux.<\/p>\n","protected":false},"excerpt":{"rendered":"<p>Isaure Bouvier et Marc Gervais deviennent associ\u00e9s, respectivement en Droit de la Sant\u00e9 et en\u00a0M&amp;A\u2013Private Equity.\u00a0Impliqu\u00e9s au sein du cabinet depuis plusieurs ann\u00e9es, ils incarnent\u00a0la culture Lerins\u00a0par leur expertise,\u00a0leur engagement aupr\u00e8s des clients et leur sens du collectif. Notre cabinet, qui compte d\u00e9sormais\u00a016 associ\u00e9s,\u00a0poursuit son d\u00e9veloppement autour d\u2019une \u00e9quipe pluridisciplinaire\u00a0en droit des affaires. \ud83d\udccc\u00a0Isaure BOUVIER, [&hellip;]<\/p>\n","protected":false},"author":4,"featured_media":9760,"comment_status":"closed","ping_status":"closed","sticky":false,"template":"","format":"standard","meta":{"_acf_changed":false,"footnotes":""},"categories":[90],"tags":[109,110],"class_list":["post-9766","post","type-post","status-publish","format-standard","has-post-thumbnail","hentry","category-firm-life","tag-isaure-bouvier","tag-marc-gervais"],"acf":[],"_links":{"self":[{"href":"https:\/\/lerins.com\/en\/wp-json\/wp\/v2\/posts\/9766","targetHints":{"allow":["GET"]}}],"collection":[{"href":"https:\/\/lerins.com\/en\/wp-json\/wp\/v2\/posts"}],"about":[{"href":"https:\/\/lerins.com\/en\/wp-json\/wp\/v2\/types\/post"}],"author":[{"embeddable":true,"href":"https:\/\/lerins.com\/en\/wp-json\/wp\/v2\/users\/4"}],"replies":[{"embeddable":true,"href":"https:\/\/lerins.com\/en\/wp-json\/wp\/v2\/comments?post=9766"}],"version-history":[{"count":1,"href":"https:\/\/lerins.com\/en\/wp-json\/wp\/v2\/posts\/9766\/revisions"}],"predecessor-version":[{"id":9770,"href":"https:\/\/lerins.com\/en\/wp-json\/wp\/v2\/posts\/9766\/revisions\/9770"}],"wp:featuredmedia":[{"embeddable":true,"href":"https:\/\/lerins.com\/en\/wp-json\/wp\/v2\/media\/9760"}],"wp:attachment":[{"href":"https:\/\/lerins.com\/en\/wp-json\/wp\/v2\/media?parent=9766"}],"wp:term":[{"taxonomy":"category","embeddable":true,"href":"https:\/\/lerins.com\/en\/wp-json\/wp\/v2\/categories?post=9766"},{"taxonomy":"post_tag","embeddable":true,"href":"https:\/\/lerins.com\/en\/wp-json\/wp\/v2\/tags?post=9766"}],"curies":[{"name":"wp","href":"https:\/\/api.w.org\/{rel}","templated":true}]}}